{"id":104,"date":"2016-02-16T09:03:22","date_gmt":"2016-02-16T08:03:22","guid":{"rendered":"http:\/\/ploumilliau.bzh\/mairie\/?p=104"},"modified":"2016-03-04T14:42:02","modified_gmt":"2016-03-04T13:42:02","slug":"velo-sport-milliautais","status":"publish","type":"post","link":"https:\/\/ploumilliau.bzh\/mairie\/velo-sport-milliautais\/","title":{"rendered":"Cr\u00e9ation du V\u00e9lo Sport Milliautais"},"content":{"rendered":"<p>Le peloton tr\u00e9gorrois va s'\u00e9largir pour la saison 2016, avec la cr\u00e9ation du V\u00e9lo sport milliautais. D\u00e9j\u00e0 pr\u00e9sent dans les pelotons FSGT, en 2015, le club, pr\u00e9sid\u00e9 par C\u00e9dric Moisan, se dote d'une affiliation FFC. La nouvelle structure est compos\u00e9e de quatorze coureurs, d'exp\u00e9rience et tout terrain, avec C\u00e9dric Moisan, Yann Sidaner, David Morin et Gilles Le Razavet (EC Plestin), \u00c9ric Perrot et Jean-Marc Cochennec (Team C\u00f4te de Granit Rose), Gilles Efflam et C\u00e9dric P\u00e9ron (Hermine du Tr\u00e9gor), William Kermoal (Lannion cyclisme), ainsi qu'\u00c9ric Etien, Fran\u00e7ois Fercoq et Nicolas Daniel, qui vont d\u00e9couvrir l'ambiance des pelotons FFC.<\/p>\n<p>Deux v\u00e9t\u00e9tistes rejoignent \u00e9galement le VSM, Yannick Salaun et Rapha\u00ebl Decote, qui couraient en individuel en 2015. Cette nouvelle \u00e9quipe entend s\u00e9vir sur les \u00e9preuves locales, mais aussi r\u00e9gionales, sur route, en cyclo-cross et \u00e0 VTT. La structure FC est pr\u00e9sid\u00e9e par C\u00e9dric Moisan. Le pr\u00e9sident sprinter milliautais sera \u00e9paul\u00e9 par Yann Sidaner et David Morin \u00e0 la vice-pr\u00e9sidence, ainsi que par \u00c9ric Perrot, comme correspondant. Comme l'an pass\u00e9, la course du 14 juillet, en Pass-cycliste \u00e0 Ploumilliau, est reconduite. L'organisation d'un cyclo-cross est envisag\u00e9e en fin de saison.<\/p>\n<p><em>Source : <strong>Le T\u00e9l\u00e9gramme<\/strong> 26\/02\/2016<\/em><\/p>\n","protected":false},"excerpt":{"rendered":"<p>Le peloton tr\u00e9gorrois va s'\u00e9largir pour la saison 2016, avec la cr\u00e9ation du V\u00e9lo sport milliautais. D\u00e9j\u00e0 pr\u00e9sent dans les pelotons FSGT, en 2015, le club, pr\u00e9sid\u00e9 par C\u00e9dric Moisan, se dote d'une affiliation FFC. La nouvelle structure est compos\u00e9e de quatorze coureurs, d'exp\u00e9rience et tout terrain, avec C\u00e9dric Moisan, Yann Sidaner, David Morin et Gilles Le Razavet (EC Plestin),&nbsp;<a href=\"https:\/\/ploumilliau.bzh\/mairie\/velo-sport-milliautais\/\" class=\"read-more\">Lire la suite<\/a><\/p>\n","protected":false},"author":1,"featured_media":177,"comment_status":"closed","ping_status":"open","sticky":false,"template":"","format":"standard","meta":[],"categories":[1,14],"tags":[18,17],"_links":{"self":[{"href":"https:\/\/ploumilliau.bzh\/mairie\/wp-json\/wp\/v2\/posts\/104"}],"collection":[{"href":"https:\/\/ploumilliau.bzh\/mairie\/wp-json\/wp\/v2\/posts"}],"about":[{"href":"https:\/\/ploumilliau.bzh\/mairie\/wp-json\/wp\/v2\/types\/post"}],"author":[{"embeddable":true,"href":"https:\/\/ploumilliau.bzh\/mairie\/wp-json\/wp\/v2\/users\/1"}],"replies":[{"embeddable":true,"href":"https:\/\/ploumilliau.bzh\/mairie\/wp-json\/wp\/v2\/comments?post=104"}],"version-history":[{"count":4,"href":"https:\/\/ploumilliau.bzh\/mairie\/wp-json\/wp\/v2\/posts\/104\/revisions"}],"predecessor-version":[{"id":501,"href":"https:\/\/ploumilliau.bzh\/mairie\/wp-json\/wp\/v2\/posts\/104\/revisions\/501"}],"wp:featuredmedia":[{"embeddable":true,"href":"https:\/\/ploumilliau.bzh\/mairie\/wp-json\/wp\/v2\/media\/177"}],"wp:attachment":[{"href":"https:\/\/ploumilliau.bzh\/mairie\/wp-json\/wp\/v2\/media?parent=104"}],"wp:term":[{"taxonomy":"category","embeddable":true,"href":"https:\/\/ploumilliau.bzh\/mairie\/wp-json\/wp\/v2\/categories?post=104"},{"taxonomy":"post_tag","embeddable":true,"href":"https:\/\/ploumilliau.bzh\/mairie\/wp-json\/wp\/v2\/tags?post=104"}],"curies":[{"name":"wp","href":"https:\/\/api.w.org\/{rel}","templated":true}]}}