{"id":3281,"date":"2022-09-12T14:21:13","date_gmt":"2022-09-12T12:21:13","guid":{"rendered":"https:\/\/ploumilliau.bzh\/mairie\/?p=3281"},"modified":"2022-09-13T15:55:34","modified_gmt":"2022-09-13T13:55:34","slug":"journees-europeennes-du-patrimoine-2022","status":"publish","type":"post","link":"https:\/\/ploumilliau.bzh\/mairie\/journees-europeennes-du-patrimoine-2022\/","title":{"rendered":"JOURN\u00c9ES EUROP\u00c9ENNES DU PATRIMOINE 2022"},"content":{"rendered":"\n<figure class=\"wp-block-image size-full is-resized\"><img loading=\"lazy\" src=\"https:\/\/ploumilliau.bzh\/mairie\/wp-content\/uploads\/2022\/09\/Journee-du-Patrimoine-Affiche-Bandeau.jpg\" alt=\"\" class=\"wp-image-3282\" width=\"252\" height=\"99\" srcset=\"https:\/\/ploumilliau.bzh\/mairie\/wp-content\/uploads\/2022\/09\/Journee-du-Patrimoine-Affiche-Bandeau.jpg 428w, https:\/\/ploumilliau.bzh\/mairie\/wp-content\/uploads\/2022\/09\/Journee-du-Patrimoine-Affiche-Bandeau-310x122.jpg 310w\" sizes=\"(max-width: 252px) 100vw, 252px\" \/><\/figure>\n\n\n\n<p>\u00c0 Ploumilliau, seront ouvertes pour ces journ\u00e9es du <\/p>\n\n\n\n<p class=\"has-vivid-red-color has-text-color has-medium-font-size\"><strong>Samedi 17 &amp; Dimanche 18 septembre 2022 :<\/strong><\/p>\n\n\n\n<p class=\"has-medium-font-size\"><strong>L'\u00c9glise Saint Milliau<\/strong> (dans le bourg)<\/p>\n\n\n\n<p>&amp;<\/p>\n\n\n\n<p class=\"has-medium-font-size\"><strong>L'\u00c9glise Notre Dame<\/strong> (au bourg de Keraudy)<\/p>\n\n\n\n<p><\/p>\n\n\n\n<div class=\"wp-container-1 wp-block-group\"><div class=\"wp-block-group__inner-container\">\n<p>Horaires d'ouvertures : <strong>de 14h30 \u00e0 18h30<\/strong><\/p>\n\n\n\n<figure class=\"wp-block-image size-full is-resized\"><img loading=\"lazy\" src=\"https:\/\/ploumilliau.bzh\/mairie\/wp-content\/uploads\/2022\/09\/Journee-du-Patrimoine-Affiche-Site.jpg\" alt=\"\" class=\"wp-image-3283\" width=\"253\" height=\"329\" srcset=\"https:\/\/ploumilliau.bzh\/mairie\/wp-content\/uploads\/2022\/09\/Journee-du-Patrimoine-Affiche-Site.jpg 605w, https:\/\/ploumilliau.bzh\/mairie\/wp-content\/uploads\/2022\/09\/Journee-du-Patrimoine-Affiche-Site-310x403.jpg 310w\" sizes=\"(max-width: 253px) 100vw, 253px\" \/><\/figure>\n<\/div><\/div>\n","protected":false},"excerpt":{"rendered":"<p>\u00c0 Ploumilliau, seront ouvertes pour ces journ\u00e9es du Samedi 17 &amp; Dimanche 18 septembre 2022 : L'\u00c9glise Saint Milliau (dans le bourg) &amp; L'\u00c9glise Notre Dame (au bourg de Keraudy) Horaires d'ouvertures : de 14h30 \u00e0 18h30<\/p>\n","protected":false},"author":11,"featured_media":0,"comment_status":"closed","ping_status":"open","sticky":true,"template":"","format":"standard","meta":[],"categories":[1],"tags":[],"_links":{"self":[{"href":"https:\/\/ploumilliau.bzh\/mairie\/wp-json\/wp\/v2\/posts\/3281"}],"collection":[{"href":"https:\/\/ploumilliau.bzh\/mairie\/wp-json\/wp\/v2\/posts"}],"about":[{"href":"https:\/\/ploumilliau.bzh\/mairie\/wp-json\/wp\/v2\/types\/post"}],"author":[{"embeddable":true,"href":"https:\/\/ploumilliau.bzh\/mairie\/wp-json\/wp\/v2\/users\/11"}],"replies":[{"embeddable":true,"href":"https:\/\/ploumilliau.bzh\/mairie\/wp-json\/wp\/v2\/comments?post=3281"}],"version-history":[{"count":1,"href":"https:\/\/ploumilliau.bzh\/mairie\/wp-json\/wp\/v2\/posts\/3281\/revisions"}],"predecessor-version":[{"id":3284,"href":"https:\/\/ploumilliau.bzh\/mairie\/wp-json\/wp\/v2\/posts\/3281\/revisions\/3284"}],"wp:attachment":[{"href":"https:\/\/ploumilliau.bzh\/mairie\/wp-json\/wp\/v2\/media?parent=3281"}],"wp:term":[{"taxonomy":"category","embeddable":true,"href":"https:\/\/ploumilliau.bzh\/mairie\/wp-json\/wp\/v2\/categories?post=3281"},{"taxonomy":"post_tag","embeddable":true,"href":"https:\/\/ploumilliau.bzh\/mairie\/wp-json\/wp\/v2\/tags?post=3281"}],"curies":[{"name":"wp","href":"https:\/\/api.w.org\/{rel}","templated":true}]}}