{"id":3533,"date":"2023-01-24T16:17:52","date_gmt":"2023-01-24T15:17:52","guid":{"rendered":"https:\/\/ploumilliau.bzh\/mairie\/?p=3533"},"modified":"2023-01-24T16:17:54","modified_gmt":"2023-01-24T15:17:54","slug":"au-cafe-du-canal","status":"publish","type":"post","link":"https:\/\/ploumilliau.bzh\/mairie\/au-cafe-du-canal\/","title":{"rendered":"Au caf\u00e9 du canal"},"content":{"rendered":"\n<figure class=\"wp-block-image size-full\"><img loading=\"lazy\" width=\"548\" height=\"85\" src=\"https:\/\/ploumilliau.bzh\/mairie\/wp-content\/uploads\/2023\/01\/Au-cafe-du-canal-Bandeau-Site.jpg\" alt=\"\" class=\"wp-image-3534\" srcset=\"https:\/\/ploumilliau.bzh\/mairie\/wp-content\/uploads\/2023\/01\/Au-cafe-du-canal-Bandeau-Site.jpg 548w, https:\/\/ploumilliau.bzh\/mairie\/wp-content\/uploads\/2023\/01\/Au-cafe-du-canal-Bandeau-Site-310x48.jpg 310w\" sizes=\"(max-width: 548px) 100vw, 548px\" \/><figcaption><br><strong>DIMANCHE 12 f\u00e9vrier 2023 \u00e0 15h<\/strong><br><br>Salle des F\u00eates de Ploumilliau<br>\u00ab Au caf\u00e9 du canal \u00bb 18 chansons de Pierre Perret mise en<br>sc\u00e8ne et interpr\u00e9t\u00e9es par 5 chant'acteurs<br>\u00ab Au cafe du canal \u00bb cinq personnages se croisent et s\u2019interpellent au<br>rythme des chansons de PIERRE PERRET. Un piano, cinq voix d\u00e9voilent<br>autant de facettes de l\u2019auteur : le PERRET tendre, l\u2019engage, le f\u00e9ministe, le<br>grivois et l\u2019humaniste.<br>Chansons connues ou plus confidenteilles se succ\u00e9dent dans cette<br>com\u00e9die d\u2019une heure vingt qui nous conduit d\u2019un petit bistro de banlieue<br>aux confins de l\u2019Afrique et de l\u2019Am\u00e9rique du sud.<\/figcaption><\/figure>\n\n\n\n<p><strong>R\u00e9servation : 03.12.13.23.62 - Tarif 10 \u20ac - Gratuit pour les -18 ans<\/strong><\/p>\n\n\n\n<figure class=\"wp-block-image size-full\"><img loading=\"lazy\" width=\"547\" height=\"777\" src=\"https:\/\/ploumilliau.bzh\/mairie\/wp-content\/uploads\/2023\/01\/Au-cafe-du-canal-Site.jpg\" alt=\"\" class=\"wp-image-3535\" srcset=\"https:\/\/ploumilliau.bzh\/mairie\/wp-content\/uploads\/2023\/01\/Au-cafe-du-canal-Site.jpg 547w, https:\/\/ploumilliau.bzh\/mairie\/wp-content\/uploads\/2023\/01\/Au-cafe-du-canal-Site-310x440.jpg 310w\" sizes=\"(max-width: 547px) 100vw, 547px\" \/><\/figure>\n\n\n\n<figure class=\"wp-block-image size-large\"><img loading=\"lazy\" width=\"1024\" height=\"768\" src=\"https:\/\/ploumilliau.bzh\/mairie\/wp-content\/uploads\/2023\/01\/Au-cafe-du-Canal-Photo-Site-1024x768.jpg\" alt=\"\" class=\"wp-image-3537\" srcset=\"https:\/\/ploumilliau.bzh\/mairie\/wp-content\/uploads\/2023\/01\/Au-cafe-du-Canal-Photo-Site-1024x768.jpg 1024w, https:\/\/ploumilliau.bzh\/mairie\/wp-content\/uploads\/2023\/01\/Au-cafe-du-Canal-Photo-Site-310x233.jpg 310w, https:\/\/ploumilliau.bzh\/mairie\/wp-content\/uploads\/2023\/01\/Au-cafe-du-Canal-Photo-Site-300x225.jpg 300w, https:\/\/ploumilliau.bzh\/mairie\/wp-content\/uploads\/2023\/01\/Au-cafe-du-Canal-Photo-Site.jpg 1280w\" sizes=\"(max-width: 1024px) 100vw, 1024px\" \/><\/figure>\n","protected":false},"excerpt":{"rendered":"<p>R\u00e9servation : 03.12.13.23.62 - Tarif 10 \u20ac - Gratuit pour les -18 ans<\/p>\n","protected":false},"author":11,"featured_media":0,"comment_status":"closed","ping_status":"open","sticky":true,"template":"","format":"standard","meta":[],"categories":[1,65],"tags":[],"_links":{"self":[{"href":"https:\/\/ploumilliau.bzh\/mairie\/wp-json\/wp\/v2\/posts\/3533"}],"collection":[{"href":"https:\/\/ploumilliau.bzh\/mairie\/wp-json\/wp\/v2\/posts"}],"about":[{"href":"https:\/\/ploumilliau.bzh\/mairie\/wp-json\/wp\/v2\/types\/post"}],"author":[{"embeddable":true,"href":"https:\/\/ploumilliau.bzh\/mairie\/wp-json\/wp\/v2\/users\/11"}],"replies":[{"embeddable":true,"href":"https:\/\/ploumilliau.bzh\/mairie\/wp-json\/wp\/v2\/comments?post=3533"}],"version-history":[{"count":1,"href":"https:\/\/ploumilliau.bzh\/mairie\/wp-json\/wp\/v2\/posts\/3533\/revisions"}],"predecessor-version":[{"id":3538,"href":"https:\/\/ploumilliau.bzh\/mairie\/wp-json\/wp\/v2\/posts\/3533\/revisions\/3538"}],"wp:attachment":[{"href":"https:\/\/ploumilliau.bzh\/mairie\/wp-json\/wp\/v2\/media?parent=3533"}],"wp:term":[{"taxonomy":"category","embeddable":true,"href":"https:\/\/ploumilliau.bzh\/mairie\/wp-json\/wp\/v2\/categories?post=3533"},{"taxonomy":"post_tag","embeddable":true,"href":"https:\/\/ploumilliau.bzh\/mairie\/wp-json\/wp\/v2\/tags?post=3533"}],"curies":[{"name":"wp","href":"https:\/\/api.w.org\/{rel}","templated":true}]}}