{"id":3712,"date":"2023-05-15T10:48:49","date_gmt":"2023-05-15T08:48:49","guid":{"rendered":"https:\/\/ploumilliau.bzh\/mairie\/?p=3712"},"modified":"2023-05-15T10:48:51","modified_gmt":"2023-05-15T08:48:51","slug":"fete-de-lenvironnement-2023","status":"publish","type":"post","link":"https:\/\/ploumilliau.bzh\/mairie\/fete-de-lenvironnement-2023\/","title":{"rendered":"F\u00eate de l&#8217;Environnement 2023"},"content":{"rendered":"\n<figure class=\"wp-block-image size-full is-resized\"><img loading=\"lazy\" src=\"https:\/\/ploumilliau.bzh\/mairie\/wp-content\/uploads\/2023\/05\/Fete-de-lenvironnement-2023-Bandeau-Site.jpg\" alt=\"\" class=\"wp-image-3713\" width=\"362\" height=\"118\" srcset=\"https:\/\/ploumilliau.bzh\/mairie\/wp-content\/uploads\/2023\/05\/Fete-de-lenvironnement-2023-Bandeau-Site.jpg 663w, https:\/\/ploumilliau.bzh\/mairie\/wp-content\/uploads\/2023\/05\/Fete-de-lenvironnement-2023-Bandeau-Site-310x101.jpg 310w\" sizes=\"(max-width: 362px) 100vw, 362px\" \/><\/figure>\n\n\n\n<p>Pour la troisi\u00e8me ann\u00e9e cons\u00e9cutive, Ploumilliau f\u00eate l'environnement du <strong>lundi 22 au vendredi 26 mai.<\/strong><\/p>\n\n\n\n<p>Les jardiniers de la commune animeront des ateliers aupr\u00e8s des enfants des \u00e9coles. Une action participative aura lieu vendredi apr\u00e8s-midi. Les temps forts de cette 3eme \u00e9dition sont mercredi apr\u00e8s-midi au bourg. De nombreuses animations accueilleront les petits et les grands. Le vendredi \u00e0 20 heures, l'association \"Tr\u00e9gor Energ\u00e9tiques\" interviendra, sur le th\u00e8me des \u00e9conomies d'\u00e9nergie.<\/p>\n\n\n\n<figure class=\"wp-block-image size-large\"><img loading=\"lazy\" width=\"724\" height=\"1024\" src=\"https:\/\/ploumilliau.bzh\/mairie\/wp-content\/uploads\/2023\/05\/Fete-de-lenvironnement-2023-V2-Site-724x1024.png\" alt=\"\" class=\"wp-image-3714\" srcset=\"https:\/\/ploumilliau.bzh\/mairie\/wp-content\/uploads\/2023\/05\/Fete-de-lenvironnement-2023-V2-Site-724x1024.png 724w, https:\/\/ploumilliau.bzh\/mairie\/wp-content\/uploads\/2023\/05\/Fete-de-lenvironnement-2023-V2-Site-310x439.png 310w, https:\/\/ploumilliau.bzh\/mairie\/wp-content\/uploads\/2023\/05\/Fete-de-lenvironnement-2023-V2-Site-1086x1536.png 1086w, https:\/\/ploumilliau.bzh\/mairie\/wp-content\/uploads\/2023\/05\/Fete-de-lenvironnement-2023-V2-Site-1448x2048.png 1448w, https:\/\/ploumilliau.bzh\/mairie\/wp-content\/uploads\/2023\/05\/Fete-de-lenvironnement-2023-V2-Site.png 1587w\" sizes=\"(max-width: 724px) 100vw, 724px\" \/><\/figure>\n","protected":false},"excerpt":{"rendered":"<p>Pour la troisi\u00e8me ann\u00e9e cons\u00e9cutive, Ploumilliau f\u00eate l'environnement du lundi 22 au vendredi 26 mai. Les jardiniers de la commune animeront des ateliers aupr\u00e8s des enfants des \u00e9coles. Une action participative aura lieu vendredi apr\u00e8s-midi. Les temps forts de cette 3eme \u00e9dition sont mercredi apr\u00e8s-midi au bourg. De nombreuses animations accueilleront les petits et les grands. Le vendredi \u00e0 20&nbsp;<a href=\"https:\/\/ploumilliau.bzh\/mairie\/fete-de-lenvironnement-2023\/\" class=\"read-more\">Lire la suite<\/a><\/p>\n","protected":false},"author":11,"featured_media":0,"comment_status":"closed","ping_status":"open","sticky":false,"template":"","format":"standard","meta":[],"categories":[1],"tags":[],"_links":{"self":[{"href":"https:\/\/ploumilliau.bzh\/mairie\/wp-json\/wp\/v2\/posts\/3712"}],"collection":[{"href":"https:\/\/ploumilliau.bzh\/mairie\/wp-json\/wp\/v2\/posts"}],"about":[{"href":"https:\/\/ploumilliau.bzh\/mairie\/wp-json\/wp\/v2\/types\/post"}],"author":[{"embeddable":true,"href":"https:\/\/ploumilliau.bzh\/mairie\/wp-json\/wp\/v2\/users\/11"}],"replies":[{"embeddable":true,"href":"https:\/\/ploumilliau.bzh\/mairie\/wp-json\/wp\/v2\/comments?post=3712"}],"version-history":[{"count":1,"href":"https:\/\/ploumilliau.bzh\/mairie\/wp-json\/wp\/v2\/posts\/3712\/revisions"}],"predecessor-version":[{"id":3715,"href":"https:\/\/ploumilliau.bzh\/mairie\/wp-json\/wp\/v2\/posts\/3712\/revisions\/3715"}],"wp:attachment":[{"href":"https:\/\/ploumilliau.bzh\/mairie\/wp-json\/wp\/v2\/media?parent=3712"}],"wp:term":[{"taxonomy":"category","embeddable":true,"href":"https:\/\/ploumilliau.bzh\/mairie\/wp-json\/wp\/v2\/categories?post=3712"},{"taxonomy":"post_tag","embeddable":true,"href":"https:\/\/ploumilliau.bzh\/mairie\/wp-json\/wp\/v2\/tags?post=3712"}],"curies":[{"name":"wp","href":"https:\/\/api.w.org\/{rel}","templated":true}]}}