{"id":3752,"date":"2023-06-05T13:33:03","date_gmt":"2023-06-05T11:33:03","guid":{"rendered":"https:\/\/ploumilliau.bzh\/mairie\/?p=3752"},"modified":"2023-06-05T13:35:48","modified_gmt":"2023-06-05T11:35:48","slug":"a-s-ploumilliau-foot","status":"publish","type":"post","link":"https:\/\/ploumilliau.bzh\/mairie\/a-s-ploumilliau-foot\/","title":{"rendered":"A.S. Ploumilliau FOOT"},"content":{"rendered":"\n<figure class=\"wp-block-image size-full\"><img loading=\"lazy\" width=\"640\" height=\"191\" src=\"https:\/\/ploumilliau.bzh\/mairie\/wp-content\/uploads\/2023\/06\/AG-Foot-Bandeau.jpg\" alt=\"\" class=\"wp-image-3755\" srcset=\"https:\/\/ploumilliau.bzh\/mairie\/wp-content\/uploads\/2023\/06\/AG-Foot-Bandeau.jpg 640w, https:\/\/ploumilliau.bzh\/mairie\/wp-content\/uploads\/2023\/06\/AG-Foot-Bandeau-310x93.jpg 310w\" sizes=\"(max-width: 640px) 100vw, 640px\" \/><\/figure>\n\n\n\n<p>L'assembl\u00e9e G\u00e9n\u00e9rale aura lieu le vendredi 9 juin 2023 \u00e0 la salle des f\u00eates<\/p>\n\n\n\n<figure class=\"wp-block-image size-large\"><img loading=\"lazy\" width=\"724\" height=\"1024\" src=\"https:\/\/ploumilliau.bzh\/mairie\/wp-content\/uploads\/2023\/06\/Foot-AG-2023-1-pdf-724x1024.jpg\" alt=\"\" class=\"wp-image-3753\"\/><\/figure>\n","protected":false},"excerpt":{"rendered":"<p>L'assembl\u00e9e G\u00e9n\u00e9rale aura lieu le vendredi 9 juin 2023 \u00e0 la salle des f\u00eates<\/p>\n","protected":false},"author":11,"featured_media":0,"comment_status":"closed","ping_status":"open","sticky":true,"template":"","format":"standard","meta":[],"categories":[1,14,34],"tags":[],"_links":{"self":[{"href":"https:\/\/ploumilliau.bzh\/mairie\/wp-json\/wp\/v2\/posts\/3752"}],"collection":[{"href":"https:\/\/ploumilliau.bzh\/mairie\/wp-json\/wp\/v2\/posts"}],"about":[{"href":"https:\/\/ploumilliau.bzh\/mairie\/wp-json\/wp\/v2\/types\/post"}],"author":[{"embeddable":true,"href":"https:\/\/ploumilliau.bzh\/mairie\/wp-json\/wp\/v2\/users\/11"}],"replies":[{"embeddable":true,"href":"https:\/\/ploumilliau.bzh\/mairie\/wp-json\/wp\/v2\/comments?post=3752"}],"version-history":[{"count":2,"href":"https:\/\/ploumilliau.bzh\/mairie\/wp-json\/wp\/v2\/posts\/3752\/revisions"}],"predecessor-version":[{"id":3756,"href":"https:\/\/ploumilliau.bzh\/mairie\/wp-json\/wp\/v2\/posts\/3752\/revisions\/3756"}],"wp:attachment":[{"href":"https:\/\/ploumilliau.bzh\/mairie\/wp-json\/wp\/v2\/media?parent=3752"}],"wp:term":[{"taxonomy":"category","embeddable":true,"href":"https:\/\/ploumilliau.bzh\/mairie\/wp-json\/wp\/v2\/categories?post=3752"},{"taxonomy":"post_tag","embeddable":true,"href":"https:\/\/ploumilliau.bzh\/mairie\/wp-json\/wp\/v2\/tags?post=3752"}],"curies":[{"name":"wp","href":"https:\/\/api.w.org\/{rel}","templated":true}]}}