{"id":3758,"date":"2023-06-06T10:43:57","date_gmt":"2023-06-06T08:43:57","guid":{"rendered":"https:\/\/ploumilliau.bzh\/mairie\/?p=3758"},"modified":"2023-06-06T10:43:59","modified_gmt":"2023-06-06T08:43:59","slug":"fete-de-la-musique-2023","status":"publish","type":"post","link":"https:\/\/ploumilliau.bzh\/mairie\/fete-de-la-musique-2023\/","title":{"rendered":"F\u00caTE de la MUSIQUE 2023"},"content":{"rendered":"\n<figure class=\"wp-block-image size-full is-resized\"><img loading=\"lazy\" src=\"https:\/\/ploumilliau.bzh\/mairie\/wp-content\/uploads\/2023\/06\/Affiche-2023-Bandeau.jpg\" alt=\"\" class=\"wp-image-3759\" width=\"463\" height=\"157\" srcset=\"https:\/\/ploumilliau.bzh\/mairie\/wp-content\/uploads\/2023\/06\/Affiche-2023-Bandeau.jpg 877w, https:\/\/ploumilliau.bzh\/mairie\/wp-content\/uploads\/2023\/06\/Affiche-2023-Bandeau-310x105.jpg 310w\" sizes=\"(max-width: 463px) 100vw, 463px\" \/><\/figure>\n\n\n\n<p>Cette ann\u00e9e encore, L'Amicale des employ\u00e9s communaux ET la municipalit\u00e9 vous propose, <strong>le vendredi 23 juin<\/strong> d\u00e8s <strong>18h30<\/strong> dans le cadre de la F\u00eate de la Musique, 3 concerts \"Forfait bloqu\u00e9\", \"Axel Chill\" et \"Chauffe Marcel\". Restauration et buvette sur place.<\/p>\n\n\n\n<figure class=\"wp-block-image size-full\"><img loading=\"lazy\" width=\"630\" height=\"893\" src=\"https:\/\/ploumilliau.bzh\/mairie\/wp-content\/uploads\/2023\/06\/Affiche-2023.jpg\" alt=\"\" class=\"wp-image-3760\" srcset=\"https:\/\/ploumilliau.bzh\/mairie\/wp-content\/uploads\/2023\/06\/Affiche-2023.jpg 630w, https:\/\/ploumilliau.bzh\/mairie\/wp-content\/uploads\/2023\/06\/Affiche-2023-310x439.jpg 310w\" sizes=\"(max-width: 630px) 100vw, 630px\" \/><\/figure>\n","protected":false},"excerpt":{"rendered":"<p>Cette ann\u00e9e encore, L'Amicale des employ\u00e9s communaux ET la municipalit\u00e9 vous propose, le vendredi 23 juin d\u00e8s 18h30 dans le cadre de la F\u00eate de la Musique, 3 concerts \"Forfait bloqu\u00e9\", \"Axel Chill\" et \"Chauffe Marcel\". Restauration et buvette sur place.<\/p>\n","protected":false},"author":11,"featured_media":0,"comment_status":"closed","ping_status":"open","sticky":true,"template":"","format":"standard","meta":[],"categories":[1,65],"tags":[],"_links":{"self":[{"href":"https:\/\/ploumilliau.bzh\/mairie\/wp-json\/wp\/v2\/posts\/3758"}],"collection":[{"href":"https:\/\/ploumilliau.bzh\/mairie\/wp-json\/wp\/v2\/posts"}],"about":[{"href":"https:\/\/ploumilliau.bzh\/mairie\/wp-json\/wp\/v2\/types\/post"}],"author":[{"embeddable":true,"href":"https:\/\/ploumilliau.bzh\/mairie\/wp-json\/wp\/v2\/users\/11"}],"replies":[{"embeddable":true,"href":"https:\/\/ploumilliau.bzh\/mairie\/wp-json\/wp\/v2\/comments?post=3758"}],"version-history":[{"count":1,"href":"https:\/\/ploumilliau.bzh\/mairie\/wp-json\/wp\/v2\/posts\/3758\/revisions"}],"predecessor-version":[{"id":3761,"href":"https:\/\/ploumilliau.bzh\/mairie\/wp-json\/wp\/v2\/posts\/3758\/revisions\/3761"}],"wp:attachment":[{"href":"https:\/\/ploumilliau.bzh\/mairie\/wp-json\/wp\/v2\/media?parent=3758"}],"wp:term":[{"taxonomy":"category","embeddable":true,"href":"https:\/\/ploumilliau.bzh\/mairie\/wp-json\/wp\/v2\/categories?post=3758"},{"taxonomy":"post_tag","embeddable":true,"href":"https:\/\/ploumilliau.bzh\/mairie\/wp-json\/wp\/v2\/tags?post=3758"}],"curies":[{"name":"wp","href":"https:\/\/api.w.org\/{rel}","templated":true}]}}