{"id":3938,"date":"2023-10-31T16:24:53","date_gmt":"2023-10-31T15:24:53","guid":{"rendered":"https:\/\/ploumilliau.bzh\/mairie\/?p=3938"},"modified":"2023-10-31T16:26:20","modified_gmt":"2023-10-31T15:26:20","slug":"vigilance-tempete","status":"publish","type":"post","link":"https:\/\/ploumilliau.bzh\/mairie\/vigilance-tempete\/","title":{"rendered":"VIGILANCE TEMP\u00caTE"},"content":{"rendered":"\n<p>La pr\u00e9fecture des C\u00f4tes-d\u2019Armor vous informe que M\u00e9t\u00e9o France a plac\u00e9 le d\u00e9partement des C\u00f4tes-d\u2019Armor en vigilance Orange \u00abVents violents\u00bb et vigilance Jaune \"Pluie-inondation\" du mercredi 1er novembre 2023 \u00e0 20H00 jusqu\u2019au jeudi 2 novembre 2023 \u00e0 12H00.<\/p>\n\n\n\n<figure class=\"wp-block-image size-full\"><img loading=\"lazy\" width=\"674\" height=\"951\" src=\"https:\/\/ploumilliau.bzh\/mairie\/wp-content\/uploads\/2023\/10\/2023_10_31_Bulletin_Vents-violents.jpg\" alt=\"\" class=\"wp-image-3939\" srcset=\"https:\/\/ploumilliau.bzh\/mairie\/wp-content\/uploads\/2023\/10\/2023_10_31_Bulletin_Vents-violents.jpg 674w, https:\/\/ploumilliau.bzh\/mairie\/wp-content\/uploads\/2023\/10\/2023_10_31_Bulletin_Vents-violents-310x437.jpg 310w\" sizes=\"(max-width: 674px) 100vw, 674px\" \/><\/figure>\n","protected":false},"excerpt":{"rendered":"<p>La pr\u00e9fecture des C\u00f4tes-d\u2019Armor vous informe que M\u00e9t\u00e9o France a plac\u00e9 le d\u00e9partement des C\u00f4tes-d\u2019Armor en vigilance Orange \u00abVents violents\u00bb et vigilance Jaune \"Pluie-inondation\" du mercredi 1er novembre 2023 \u00e0 20H00 jusqu\u2019au jeudi 2 novembre 2023 \u00e0 12H00.<\/p>\n","protected":false},"author":11,"featured_media":0,"comment_status":"closed","ping_status":"open","sticky":true,"template":"","format":"standard","meta":[],"categories":[1],"tags":[],"_links":{"self":[{"href":"https:\/\/ploumilliau.bzh\/mairie\/wp-json\/wp\/v2\/posts\/3938"}],"collection":[{"href":"https:\/\/ploumilliau.bzh\/mairie\/wp-json\/wp\/v2\/posts"}],"about":[{"href":"https:\/\/ploumilliau.bzh\/mairie\/wp-json\/wp\/v2\/types\/post"}],"author":[{"embeddable":true,"href":"https:\/\/ploumilliau.bzh\/mairie\/wp-json\/wp\/v2\/users\/11"}],"replies":[{"embeddable":true,"href":"https:\/\/ploumilliau.bzh\/mairie\/wp-json\/wp\/v2\/comments?post=3938"}],"version-history":[{"count":1,"href":"https:\/\/ploumilliau.bzh\/mairie\/wp-json\/wp\/v2\/posts\/3938\/revisions"}],"predecessor-version":[{"id":3940,"href":"https:\/\/ploumilliau.bzh\/mairie\/wp-json\/wp\/v2\/posts\/3938\/revisions\/3940"}],"wp:attachment":[{"href":"https:\/\/ploumilliau.bzh\/mairie\/wp-json\/wp\/v2\/media?parent=3938"}],"wp:term":[{"taxonomy":"category","embeddable":true,"href":"https:\/\/ploumilliau.bzh\/mairie\/wp-json\/wp\/v2\/categories?post=3938"},{"taxonomy":"post_tag","embeddable":true,"href":"https:\/\/ploumilliau.bzh\/mairie\/wp-json\/wp\/v2\/tags?post=3938"}],"curies":[{"name":"wp","href":"https:\/\/api.w.org\/{rel}","templated":true}]}}