{"id":4181,"date":"2024-06-10T15:52:37","date_gmt":"2024-06-10T13:52:37","guid":{"rendered":"https:\/\/ploumilliau.bzh\/mairie\/?p=4181"},"modified":"2024-06-10T15:52:40","modified_gmt":"2024-06-10T13:52:40","slug":"concert-pro-musica","status":"publish","type":"post","link":"https:\/\/ploumilliau.bzh\/mairie\/concert-pro-musica\/","title":{"rendered":"Concert Pro Musica"},"content":{"rendered":"\n<figure class=\"wp-block-image size-full is-resized\"><img loading=\"lazy\" src=\"https:\/\/ploumilliau.bzh\/mairie\/wp-content\/uploads\/2024\/06\/Pro-musica-Bandeau.jpg\" alt=\"\" class=\"wp-image-4182\" width=\"370\" height=\"103\" srcset=\"https:\/\/ploumilliau.bzh\/mairie\/wp-content\/uploads\/2024\/06\/Pro-musica-Bandeau.jpg 571w, https:\/\/ploumilliau.bzh\/mairie\/wp-content\/uploads\/2024\/06\/Pro-musica-Bandeau-310x86.jpg 310w\" sizes=\"(max-width: 370px) 100vw, 370px\" \/><\/figure>\n\n\n\n<p>DIMANCHE 16 JUIN \u00e0 17h00&nbsp; - CONCERT \u00e0 PLOUMILLIAU<\/p>\n\n\n\n<p>dans l\u2019EGLISE SAINT-MILLIAU<\/p>\n\n\n\n<p>L\u2019Association Pro Musica regroupe des musiciens amateurs avec l\u2019objectif de promouvoir la musique vocale et instrumentale.<\/p>\n\n\n\n<p>Le concert est pr\u00e9sent\u00e9 par le TRIO KENSON qui r\u00e9unit Bastien Abraham au Hautbois, V\u00e9ronique GRESSIER \u00e0 la fl\u00fbte traversi\u00e8re et Claire PETOT \u00e0 la basse de viole de gambe.<\/p>\n\n\n\n<p>Nous aurons le plaisir d\u2019\u00e9couter des oeuvres en trio de LULLY, FINGER, CAMPRA, BOISMORTIER et LOEILLET DE LONDRES.<\/p>\n\n\n\n<p>Dur\u00e9e approximative du programme&nbsp;: 1h L\u2019entr\u00e9e sera gratuite, une participation libre sera propos\u00e9e.<\/p>\n\n\n\n<figure class=\"wp-block-image size-large is-resized\"><img loading=\"lazy\" src=\"https:\/\/ploumilliau.bzh\/mairie\/wp-content\/uploads\/2024\/06\/Pro-musica-724x1024.jpg\" alt=\"\" class=\"wp-image-4183\" width=\"533\" height=\"754\" srcset=\"https:\/\/ploumilliau.bzh\/mairie\/wp-content\/uploads\/2024\/06\/Pro-musica-724x1024.jpg 724w, https:\/\/ploumilliau.bzh\/mairie\/wp-content\/uploads\/2024\/06\/Pro-musica-310x438.jpg 310w, https:\/\/ploumilliau.bzh\/mairie\/wp-content\/uploads\/2024\/06\/Pro-musica.jpg 794w\" sizes=\"(max-width: 533px) 100vw, 533px\" \/><\/figure>\n","protected":false},"excerpt":{"rendered":"<p>DIMANCHE 16 JUIN \u00e0 17h00&nbsp; - CONCERT \u00e0 PLOUMILLIAU dans l\u2019EGLISE SAINT-MILLIAU L\u2019Association Pro Musica regroupe des musiciens amateurs avec l\u2019objectif de promouvoir la musique vocale et instrumentale. Le concert est pr\u00e9sent\u00e9 par le TRIO KENSON qui r\u00e9unit Bastien Abraham au Hautbois, V\u00e9ronique GRESSIER \u00e0 la fl\u00fbte traversi\u00e8re et Claire PETOT \u00e0 la basse de viole de gambe. Nous aurons&nbsp;<a href=\"https:\/\/ploumilliau.bzh\/mairie\/concert-pro-musica\/\" class=\"read-more\">Lire la suite<\/a><\/p>\n","protected":false},"author":11,"featured_media":0,"comment_status":"closed","ping_status":"open","sticky":true,"template":"","format":"standard","meta":[],"categories":[1],"tags":[],"_links":{"self":[{"href":"https:\/\/ploumilliau.bzh\/mairie\/wp-json\/wp\/v2\/posts\/4181"}],"collection":[{"href":"https:\/\/ploumilliau.bzh\/mairie\/wp-json\/wp\/v2\/posts"}],"about":[{"href":"https:\/\/ploumilliau.bzh\/mairie\/wp-json\/wp\/v2\/types\/post"}],"author":[{"embeddable":true,"href":"https:\/\/ploumilliau.bzh\/mairie\/wp-json\/wp\/v2\/users\/11"}],"replies":[{"embeddable":true,"href":"https:\/\/ploumilliau.bzh\/mairie\/wp-json\/wp\/v2\/comments?post=4181"}],"version-history":[{"count":1,"href":"https:\/\/ploumilliau.bzh\/mairie\/wp-json\/wp\/v2\/posts\/4181\/revisions"}],"predecessor-version":[{"id":4184,"href":"https:\/\/ploumilliau.bzh\/mairie\/wp-json\/wp\/v2\/posts\/4181\/revisions\/4184"}],"wp:attachment":[{"href":"https:\/\/ploumilliau.bzh\/mairie\/wp-json\/wp\/v2\/media?parent=4181"}],"wp:term":[{"taxonomy":"category","embeddable":true,"href":"https:\/\/ploumilliau.bzh\/mairie\/wp-json\/wp\/v2\/categories?post=4181"},{"taxonomy":"post_tag","embeddable":true,"href":"https:\/\/ploumilliau.bzh\/mairie\/wp-json\/wp\/v2\/tags?post=4181"}],"curies":[{"name":"wp","href":"https:\/\/api.w.org\/{rel}","templated":true}]}}