{"id":4214,"date":"2024-07-04T17:12:39","date_gmt":"2024-07-04T15:12:39","guid":{"rendered":"https:\/\/ploumilliau.bzh\/mairie\/?p=4214"},"modified":"2024-07-04T17:12:41","modified_gmt":"2024-07-04T15:12:41","slug":"exposition-costumes-photographies-poupees-dart","status":"publish","type":"post","link":"https:\/\/ploumilliau.bzh\/mairie\/exposition-costumes-photographies-poupees-dart\/","title":{"rendered":"EXPOSITION Costumes &#8211; Photographies &#8211; Poup\u00e9es d&#8217;Art"},"content":{"rendered":"\n<figure class=\"wp-block-image size-full\"><img loading=\"lazy\" width=\"657\" height=\"160\" src=\"https:\/\/ploumilliau.bzh\/mairie\/wp-content\/uploads\/2024\/07\/Songes-Bandeau.jpg\" alt=\"\" class=\"wp-image-4215\" srcset=\"https:\/\/ploumilliau.bzh\/mairie\/wp-content\/uploads\/2024\/07\/Songes-Bandeau.jpg 657w, https:\/\/ploumilliau.bzh\/mairie\/wp-content\/uploads\/2024\/07\/Songes-Bandeau-310x75.jpg 310w\" sizes=\"(max-width: 657px) 100vw, 657px\" \/><figcaption>L'exposition <strong>\"SONGES, de fils en r\u00eave\"<\/strong>, se d\u00e9roulera du <strong><mark style=\"background-color:rgba(0, 0, 0, 0)\" class=\"has-inline-color has-vivid-red-color\">19 juillet au 4 Ao\u00fbt <\/mark><\/strong>a la salle du r\u00e9fectoire , 3 rue Anatole Le Braz. Elle accueille les costumes et sculptures de D\u00e9borah Germain,\u00a0 accompagn\u00e9es des photographies de Gilles Courat. Cette exposition invite le spectateur \u00e0 un voyage f\u00e9\u00e9rique dans un univers po\u00e9tique et onirique.<\/figcaption><\/figure>\n\n\n\n<figure class=\"wp-block-image size-large\"><img loading=\"lazy\" width=\"724\" height=\"1024\" src=\"https:\/\/ploumilliau.bzh\/mairie\/wp-content\/uploads\/2024\/07\/SONGES-Poster-724x1024.png\" alt=\"\" class=\"wp-image-4216\" srcset=\"https:\/\/ploumilliau.bzh\/mairie\/wp-content\/uploads\/2024\/07\/SONGES-Poster-724x1024.png 724w, https:\/\/ploumilliau.bzh\/mairie\/wp-content\/uploads\/2024\/07\/SONGES-Poster-310x439.png 310w, https:\/\/ploumilliau.bzh\/mairie\/wp-content\/uploads\/2024\/07\/SONGES-Poster-1086x1536.png 1086w, https:\/\/ploumilliau.bzh\/mairie\/wp-content\/uploads\/2024\/07\/SONGES-Poster-1448x2048.png 1448w, https:\/\/ploumilliau.bzh\/mairie\/wp-content\/uploads\/2024\/07\/SONGES-Poster.png 1587w\" sizes=\"(max-width: 724px) 100vw, 724px\" \/><\/figure>\n","protected":false},"excerpt":{"rendered":"","protected":false},"author":11,"featured_media":0,"comment_status":"closed","ping_status":"open","sticky":true,"template":"","format":"standard","meta":[],"categories":[1,24],"tags":[],"_links":{"self":[{"href":"https:\/\/ploumilliau.bzh\/mairie\/wp-json\/wp\/v2\/posts\/4214"}],"collection":[{"href":"https:\/\/ploumilliau.bzh\/mairie\/wp-json\/wp\/v2\/posts"}],"about":[{"href":"https:\/\/ploumilliau.bzh\/mairie\/wp-json\/wp\/v2\/types\/post"}],"author":[{"embeddable":true,"href":"https:\/\/ploumilliau.bzh\/mairie\/wp-json\/wp\/v2\/users\/11"}],"replies":[{"embeddable":true,"href":"https:\/\/ploumilliau.bzh\/mairie\/wp-json\/wp\/v2\/comments?post=4214"}],"version-history":[{"count":1,"href":"https:\/\/ploumilliau.bzh\/mairie\/wp-json\/wp\/v2\/posts\/4214\/revisions"}],"predecessor-version":[{"id":4217,"href":"https:\/\/ploumilliau.bzh\/mairie\/wp-json\/wp\/v2\/posts\/4214\/revisions\/4217"}],"wp:attachment":[{"href":"https:\/\/ploumilliau.bzh\/mairie\/wp-json\/wp\/v2\/media?parent=4214"}],"wp:term":[{"taxonomy":"category","embeddable":true,"href":"https:\/\/ploumilliau.bzh\/mairie\/wp-json\/wp\/v2\/categories?post=4214"},{"taxonomy":"post_tag","embeddable":true,"href":"https:\/\/ploumilliau.bzh\/mairie\/wp-json\/wp\/v2\/tags?post=4214"}],"curies":[{"name":"wp","href":"https:\/\/api.w.org\/{rel}","templated":true}]}}