{"id":4225,"date":"2024-08-01T15:21:52","date_gmt":"2024-08-01T13:21:52","guid":{"rendered":"https:\/\/ploumilliau.bzh\/mairie\/?p=4225"},"modified":"2024-08-08T14:47:55","modified_gmt":"2024-08-08T12:47:55","slug":"concert-a-laube-de-lopera","status":"publish","type":"post","link":"https:\/\/ploumilliau.bzh\/mairie\/concert-a-laube-de-lopera\/","title":{"rendered":"ANNULATION &#8211; Concert &#8220;\u00c0 l&#8217;aube de l&#8217;op\u00e9ra&#8221;"},"content":{"rendered":"\n<figure class=\"wp-block-image size-full is-resized\"><img loading=\"lazy\" src=\"https:\/\/ploumilliau.bzh\/mairie\/wp-content\/uploads\/2024\/08\/theorbe2.jpg\" alt=\"\" class=\"wp-image-4228\" width=\"109\" height=\"82\" srcset=\"https:\/\/ploumilliau.bzh\/mairie\/wp-content\/uploads\/2024\/08\/theorbe2.jpg 640w, https:\/\/ploumilliau.bzh\/mairie\/wp-content\/uploads\/2024\/08\/theorbe2-310x233.jpg 310w, https:\/\/ploumilliau.bzh\/mairie\/wp-content\/uploads\/2024\/08\/theorbe2-300x225.jpg 300w\" sizes=\"(max-width: 109px) 100vw, 109px\" \/><\/figure>\n\n\n\n<p>Ploumilliau \u2013 <strong><mark style=\"background-color:rgba(0, 0, 0, 0)\" class=\"has-inline-color has-vivid-red-color\">vendredi 09 ao\u00fbt 2024<\/mark><\/strong><\/p>\n\n\n\n<p>Eglise Saint-Milliau \u00e0 21h<\/p>\n\n\n\n<p>PASSIONI DELL\u2019ANIMA<\/p>\n\n\n\n<p>\u00ab&nbsp;A l\u2019aube de l\u2019op\u00e9ra&nbsp;\u00bb Musique et chants italiens baroques.<\/p>\n\n\n\n<p>Une voix et un th\u00e9orbe (luth \u00e0 sonorit\u00e9 grave). Sarah Lefeuvre et Romain Falik explorent le r\u00e9pertoire italien du XVII\u00e8me. L\u2019union du verbe et de la m\u00e9lodie annonce les pr\u00e9mices de ce qui deviendra bient\u00f4t l\u2019op\u00e9ra. Sont exprim\u00e9es sous diverses formes les passions.<\/p>\n\n\n\n<p>Fl\u00fbtiste \u00e0 bec et chanteuse lyrique, Sarah Lefeuvre est une musicienne \u00e9clectique, qui navigue entre les \u00e9poques et les styles.<\/p>\n\n\n\n<p>Guitariste autodidacte,&nbsp;Romain Falik&nbsp;entre au conservatoire de Versailles en guitare classique dans la classe de Christian Channel.<\/p>\n\n\n\n<p>Tarif plein 12 \u20ac \/ Tarif r\u00e9duit 8\u20ac (adh\u00e9rents \u00e0 l\u2019OCM de Plestin, Son ar Mein, - de 12 ans). Avec ou sans r\u00e9servation.<\/p>\n\n\n\n<figure class=\"wp-block-image size-full\"><img loading=\"lazy\" width=\"775\" height=\"549\" src=\"https:\/\/ploumilliau.bzh\/mairie\/wp-content\/uploads\/2024\/08\/Passioni-dellanima-Photo.png\" alt=\"\" class=\"wp-image-4226\" srcset=\"https:\/\/ploumilliau.bzh\/mairie\/wp-content\/uploads\/2024\/08\/Passioni-dellanima-Photo.png 775w, https:\/\/ploumilliau.bzh\/mairie\/wp-content\/uploads\/2024\/08\/Passioni-dellanima-Photo-310x220.png 310w\" sizes=\"(max-width: 775px) 100vw, 775px\" \/><\/figure>\n","protected":false},"excerpt":{"rendered":"<p>Ploumilliau \u2013 vendredi 09 ao\u00fbt 2024 Eglise Saint-Milliau \u00e0 21h PASSIONI DELL\u2019ANIMA \u00ab&nbsp;A l\u2019aube de l\u2019op\u00e9ra&nbsp;\u00bb Musique et chants italiens baroques. Une voix et un th\u00e9orbe (luth \u00e0 sonorit\u00e9 grave). Sarah Lefeuvre et Romain Falik explorent le r\u00e9pertoire italien du XVII\u00e8me. L\u2019union du verbe et de la m\u00e9lodie annonce les pr\u00e9mices de ce qui deviendra bient\u00f4t l\u2019op\u00e9ra. Sont exprim\u00e9es sous&nbsp;<a href=\"https:\/\/ploumilliau.bzh\/mairie\/concert-a-laube-de-lopera\/\" class=\"read-more\">Lire la suite<\/a><\/p>\n","protected":false},"author":11,"featured_media":0,"comment_status":"closed","ping_status":"open","sticky":true,"template":"","format":"standard","meta":[],"categories":[1],"tags":[],"_links":{"self":[{"href":"https:\/\/ploumilliau.bzh\/mairie\/wp-json\/wp\/v2\/posts\/4225"}],"collection":[{"href":"https:\/\/ploumilliau.bzh\/mairie\/wp-json\/wp\/v2\/posts"}],"about":[{"href":"https:\/\/ploumilliau.bzh\/mairie\/wp-json\/wp\/v2\/types\/post"}],"author":[{"embeddable":true,"href":"https:\/\/ploumilliau.bzh\/mairie\/wp-json\/wp\/v2\/users\/11"}],"replies":[{"embeddable":true,"href":"https:\/\/ploumilliau.bzh\/mairie\/wp-json\/wp\/v2\/comments?post=4225"}],"version-history":[{"count":3,"href":"https:\/\/ploumilliau.bzh\/mairie\/wp-json\/wp\/v2\/posts\/4225\/revisions"}],"predecessor-version":[{"id":4232,"href":"https:\/\/ploumilliau.bzh\/mairie\/wp-json\/wp\/v2\/posts\/4225\/revisions\/4232"}],"wp:attachment":[{"href":"https:\/\/ploumilliau.bzh\/mairie\/wp-json\/wp\/v2\/media?parent=4225"}],"wp:term":[{"taxonomy":"category","embeddable":true,"href":"https:\/\/ploumilliau.bzh\/mairie\/wp-json\/wp\/v2\/categories?post=4225"},{"taxonomy":"post_tag","embeddable":true,"href":"https:\/\/ploumilliau.bzh\/mairie\/wp-json\/wp\/v2\/tags?post=4225"}],"curies":[{"name":"wp","href":"https:\/\/api.w.org\/{rel}","templated":true}]}}