{"id":4290,"date":"2024-09-18T09:15:16","date_gmt":"2024-09-18T07:15:16","guid":{"rendered":"https:\/\/ploumilliau.bzh\/mairie\/?p=4290"},"modified":"2024-09-18T09:15:17","modified_gmt":"2024-09-18T07:15:17","slug":"journees-du-patrimoines-2023-2","status":"publish","type":"post","link":"https:\/\/ploumilliau.bzh\/mairie\/journees-du-patrimoines-2023-2\/","title":{"rendered":"Journ\u00e9es du Patrimoine 2024"},"content":{"rendered":"\n<figure class=\"wp-block-image size-large is-resized\"><img loading=\"lazy\" src=\"https:\/\/ploumilliau.bzh\/mairie\/wp-content\/uploads\/2024\/09\/Journee-du-Patrimoine-2024-bandeau-1024x399.jpg\" alt=\"\" class=\"wp-image-4291\" width=\"516\" height=\"201\" srcset=\"https:\/\/ploumilliau.bzh\/mairie\/wp-content\/uploads\/2024\/09\/Journee-du-Patrimoine-2024-bandeau-1024x399.jpg 1024w, https:\/\/ploumilliau.bzh\/mairie\/wp-content\/uploads\/2024\/09\/Journee-du-Patrimoine-2024-bandeau-310x121.jpg 310w, https:\/\/ploumilliau.bzh\/mairie\/wp-content\/uploads\/2024\/09\/Journee-du-Patrimoine-2024-bandeau.jpg 1062w\" sizes=\"(max-width: 516px) 100vw, 516px\" \/><\/figure>\n\n\n\n<p>Dans le cadre des Journ\u00e9es du Patrimoines, Ploumilliau vous propose la visite des \u00e9glises de St Milliau et de Keraudy les 21 et 22 septembre 2024 de 14h30 \u00e0 18h00<\/p>\n\n\n\n<p><\/p>\n\n\n\n<figure class=\"wp-block-image size-full\"><img loading=\"lazy\" width=\"800\" height=\"800\" src=\"https:\/\/ploumilliau.bzh\/mairie\/wp-content\/uploads\/2024\/09\/Journee-du-Patrimoine-2024-affiche.jpg\" alt=\"\" class=\"wp-image-4292\" srcset=\"https:\/\/ploumilliau.bzh\/mairie\/wp-content\/uploads\/2024\/09\/Journee-du-Patrimoine-2024-affiche.jpg 800w, https:\/\/ploumilliau.bzh\/mairie\/wp-content\/uploads\/2024\/09\/Journee-du-Patrimoine-2024-affiche-310x310.jpg 310w, https:\/\/ploumilliau.bzh\/mairie\/wp-content\/uploads\/2024\/09\/Journee-du-Patrimoine-2024-affiche-150x150.jpg 150w\" sizes=\"(max-width: 800px) 100vw, 800px\" \/><\/figure>\n","protected":false},"excerpt":{"rendered":"<p>Dans le cadre des Journ\u00e9es du Patrimoines, Ploumilliau vous propose la visite des \u00e9glises de St Milliau et de Keraudy les 21 et 22 septembre 2024 de 14h30 \u00e0 18h00<\/p>\n","protected":false},"author":11,"featured_media":0,"comment_status":"closed","ping_status":"open","sticky":true,"template":"","format":"standard","meta":[],"categories":[1,19],"tags":[],"_links":{"self":[{"href":"https:\/\/ploumilliau.bzh\/mairie\/wp-json\/wp\/v2\/posts\/4290"}],"collection":[{"href":"https:\/\/ploumilliau.bzh\/mairie\/wp-json\/wp\/v2\/posts"}],"about":[{"href":"https:\/\/ploumilliau.bzh\/mairie\/wp-json\/wp\/v2\/types\/post"}],"author":[{"embeddable":true,"href":"https:\/\/ploumilliau.bzh\/mairie\/wp-json\/wp\/v2\/users\/11"}],"replies":[{"embeddable":true,"href":"https:\/\/ploumilliau.bzh\/mairie\/wp-json\/wp\/v2\/comments?post=4290"}],"version-history":[{"count":1,"href":"https:\/\/ploumilliau.bzh\/mairie\/wp-json\/wp\/v2\/posts\/4290\/revisions"}],"predecessor-version":[{"id":4293,"href":"https:\/\/ploumilliau.bzh\/mairie\/wp-json\/wp\/v2\/posts\/4290\/revisions\/4293"}],"wp:attachment":[{"href":"https:\/\/ploumilliau.bzh\/mairie\/wp-json\/wp\/v2\/media?parent=4290"}],"wp:term":[{"taxonomy":"category","embeddable":true,"href":"https:\/\/ploumilliau.bzh\/mairie\/wp-json\/wp\/v2\/categories?post=4290"},{"taxonomy":"post_tag","embeddable":true,"href":"https:\/\/ploumilliau.bzh\/mairie\/wp-json\/wp\/v2\/tags?post=4290"}],"curies":[{"name":"wp","href":"https:\/\/api.w.org\/{rel}","templated":true}]}}