{"id":692,"date":"2016-06-15T10:50:29","date_gmt":"2016-06-15T08:50:29","guid":{"rendered":"http:\/\/ploumilliau.bzh\/mairie\/?p=692"},"modified":"2016-06-15T12:19:56","modified_gmt":"2016-06-15T10:19:56","slug":"gala-de-danse-de-la-s-p-section-gym-danse-ploumilliau","status":"publish","type":"post","link":"https:\/\/ploumilliau.bzh\/mairie\/gala-de-danse-de-la-s-p-section-gym-danse-ploumilliau\/","title":{"rendered":"Gala de danse de l&#8217;A.S.P Section Gym Danse PLOUMILLIAU"},"content":{"rendered":"<p>Comme chaque ann\u00e9e, la section de danse modern-jazz pr\u00e9sente son gala de fin d'ann\u00e9e.<br \/>\nC'est l'occasion pour les danseuses de 5 \u00e0 15 ans de montrer leur travail devant famille et amis.<br \/>\nChaque fois, devant les diff\u00e9rentes chor\u00e9graphies propos\u00e9s par Emmanuelle Guesdon et ses \u00e9l\u00e8ves, c'est un vrai moment magique !<br \/>\nRendez-vous donc ce Samedi 18 Juin \u00e0 20h30, \u00e0 la Salle An Dour Meur de Plestin les Gr\u00e8ves.<\/p>\n<p>Th\u00e8me : \u201cArthur & les Minimoys\u201d <\/p>\n<p>Billetterie sur Place : Tarif : Adulte 6 euros, Enfant de 4 \u00e0 12 ans 4\u20ac et gratuit pour les -3 ans.<br \/>\nPour plus d\u2019informations contactez Sandrine (06-48-45-27-94) ou Anna\u00efg (07-82-74-81-52)<\/p>\n","protected":false},"excerpt":{"rendered":"<p>Comme chaque ann\u00e9e, la section de danse modern-jazz pr\u00e9sente son gala de fin d'ann\u00e9e. C'est l'occasion pour les danseuses de 5 \u00e0 15 ans de montrer leur travail devant famille et amis. Chaque fois, devant les diff\u00e9rentes chor\u00e9graphies propos\u00e9s par Emmanuelle Guesdon et ses \u00e9l\u00e8ves, c'est un vrai moment magique ! Rendez-vous donc ce Samedi 18 Juin \u00e0 20h30, \u00e0&nbsp;<a href=\"https:\/\/ploumilliau.bzh\/mairie\/gala-de-danse-de-la-s-p-section-gym-danse-ploumilliau\/\" class=\"read-more\">Lire la suite<\/a><\/p>\n","protected":false},"author":2,"featured_media":689,"comment_status":"closed","ping_status":"open","sticky":false,"template":"","format":"standard","meta":[],"categories":[1,14,34],"tags":[28,21],"_links":{"self":[{"href":"https:\/\/ploumilliau.bzh\/mairie\/wp-json\/wp\/v2\/posts\/692"}],"collection":[{"href":"https:\/\/ploumilliau.bzh\/mairie\/wp-json\/wp\/v2\/posts"}],"about":[{"href":"https:\/\/ploumilliau.bzh\/mairie\/wp-json\/wp\/v2\/types\/post"}],"author":[{"embeddable":true,"href":"https:\/\/ploumilliau.bzh\/mairie\/wp-json\/wp\/v2\/users\/2"}],"replies":[{"embeddable":true,"href":"https:\/\/ploumilliau.bzh\/mairie\/wp-json\/wp\/v2\/comments?post=692"}],"version-history":[{"count":1,"href":"https:\/\/ploumilliau.bzh\/mairie\/wp-json\/wp\/v2\/posts\/692\/revisions"}],"predecessor-version":[{"id":693,"href":"https:\/\/ploumilliau.bzh\/mairie\/wp-json\/wp\/v2\/posts\/692\/revisions\/693"}],"wp:featuredmedia":[{"embeddable":true,"href":"https:\/\/ploumilliau.bzh\/mairie\/wp-json\/wp\/v2\/media\/689"}],"wp:attachment":[{"href":"https:\/\/ploumilliau.bzh\/mairie\/wp-json\/wp\/v2\/media?parent=692"}],"wp:term":[{"taxonomy":"category","embeddable":true,"href":"https:\/\/ploumilliau.bzh\/mairie\/wp-json\/wp\/v2\/categories?post=692"},{"taxonomy":"post_tag","embeddable":true,"href":"https:\/\/ploumilliau.bzh\/mairie\/wp-json\/wp\/v2\/tags?post=692"}],"curies":[{"name":"wp","href":"https:\/\/api.w.org\/{rel}","templated":true}]}}