{"id":783,"date":"2016-07-10T11:24:36","date_gmt":"2016-07-10T09:24:36","guid":{"rendered":"http:\/\/ploumilliau.bzh\/mairie\/?p=783"},"modified":"2016-09-30T10:00:44","modified_gmt":"2016-09-30T08:00:44","slug":"jumelage","status":"publish","type":"post","link":"https:\/\/ploumilliau.bzh\/mairie\/jumelage\/","title":{"rendered":"Jumelage"},"content":{"rendered":"<p>Les B\u00e9arnais d'Asson ont accueilli, pendant trois jours, les membres du comit\u00e9 de jumelage. Ils ont d\u00e9couvert de magnifiques paysages pyr\u00e9n\u00e9ens. Le pique-nique au lac de Gaube a \u00e9t\u00e9 particuli\u00e8rement appr\u00e9ci\u00e9, ainsi que la visite au pic du Midi de Bigorre, sans oublier les cols du Soulor et de l'Aubisque.<\/p>\n<p>La prochaine manifestation du comit\u00e9 pr\u00e9sid\u00e9 par Daniel Le Morvan sera l'organisation de la garbure, en janvier prochain, avant de conna\u00eetre une ann\u00e9e sabbatique au niveau des \u00e9changes : les Assonnais viendront en 2018.<\/p>\n","protected":false},"excerpt":{"rendered":"<p>Les B\u00e9arnais d'Asson ont accueilli, pendant trois jours, les membres du comit\u00e9 de jumelage. Ils ont d\u00e9couvert de magnifiques paysages pyr\u00e9n\u00e9ens. Le pique-nique au lac de Gaube a \u00e9t\u00e9 particuli\u00e8rement appr\u00e9ci\u00e9, ainsi que la visite au pic du Midi de Bigorre, sans oublier les cols du Soulor et de l'Aubisque. La prochaine manifestation du comit\u00e9 pr\u00e9sid\u00e9 par Daniel Le Morvan&nbsp;<a href=\"https:\/\/ploumilliau.bzh\/mairie\/jumelage\/\" class=\"read-more\">Lire la suite<\/a><\/p>\n","protected":false},"author":2,"featured_media":784,"comment_status":"closed","ping_status":"open","sticky":false,"template":"","format":"standard","meta":[],"categories":[1],"tags":[],"_links":{"self":[{"href":"https:\/\/ploumilliau.bzh\/mairie\/wp-json\/wp\/v2\/posts\/783"}],"collection":[{"href":"https:\/\/ploumilliau.bzh\/mairie\/wp-json\/wp\/v2\/posts"}],"about":[{"href":"https:\/\/ploumilliau.bzh\/mairie\/wp-json\/wp\/v2\/types\/post"}],"author":[{"embeddable":true,"href":"https:\/\/ploumilliau.bzh\/mairie\/wp-json\/wp\/v2\/users\/2"}],"replies":[{"embeddable":true,"href":"https:\/\/ploumilliau.bzh\/mairie\/wp-json\/wp\/v2\/comments?post=783"}],"version-history":[{"count":2,"href":"https:\/\/ploumilliau.bzh\/mairie\/wp-json\/wp\/v2\/posts\/783\/revisions"}],"predecessor-version":[{"id":812,"href":"https:\/\/ploumilliau.bzh\/mairie\/wp-json\/wp\/v2\/posts\/783\/revisions\/812"}],"wp:featuredmedia":[{"embeddable":true,"href":"https:\/\/ploumilliau.bzh\/mairie\/wp-json\/wp\/v2\/media\/784"}],"wp:attachment":[{"href":"https:\/\/ploumilliau.bzh\/mairie\/wp-json\/wp\/v2\/media?parent=783"}],"wp:term":[{"taxonomy":"category","embeddable":true,"href":"https:\/\/ploumilliau.bzh\/mairie\/wp-json\/wp\/v2\/categories?post=783"},{"taxonomy":"post_tag","embeddable":true,"href":"https:\/\/ploumilliau.bzh\/mairie\/wp-json\/wp\/v2\/tags?post=783"}],"curies":[{"name":"wp","href":"https:\/\/api.w.org\/{rel}","templated":true}]}}